{"id":2413,"date":"2026-08-24T10:22:40","date_gmt":"2026-08-24T08:22:40","guid":{"rendered":"https:\/\/vsl3.eu\/cz\/?p=2413"},"modified":"2026-09-02T10:52:27","modified_gmt":"2026-09-02T08:52:27","slug":"zivot-s-ulcerozni-kolitidou-a-podpora-remise","status":"publish","type":"post","link":"https:\/\/vsl3.eu\/cz\/vsl3-blog\/strevni-flory\/zivot-s-ulcerozni-kolitidou-a-podpora-remise\/","title":{"rendered":"\u017divot s ulcer\u00f3zn\u00ed kolitidou a podpora remise"},"content":{"rendered":"\n<p class=\"wp-block-paragraph\">Ulcer\u00f3zn\u00ed kolitida ovliv\u0148uje v\u0161echny aspekty \u017eivota. Pacienti ne\u0159e\u0161\u00ed jen pr\u016fjmy, ale tak\u00e9 \u00fanavu, bolesti b\u0159icha, krev ve stolici nebo celkovou psychickou i fyzickou kondici. Ani v obdob\u00ed klidu nav\u00edc nemus\u00ed zmizet obavy z dal\u0161\u00edho vzplanut\u00ed nemoci.<\/p>\n\n\n\n<p class=\"wp-block-paragraph\">Pr\u00e1v\u011b remise, tedy obdob\u00ed \u201eklidu\u201c bez v\u00fdrazn\u00fdch p\u0159\u00edznak\u016f a aktivn\u00edho z\u00e1n\u011btu, b\u00fdv\u00e1 jedn\u00edm z hlavn\u00edch c\u00edl\u016f l\u00e9\u010dby ulcer\u00f3zn\u00ed kolitidy. A \u010d\u00edm d\u00e9le se ji da\u0159\u00ed udr\u017eet, t\u00edm v\u011bt\u0161\u00ed \u0161anci m\u00e1 pacient na kvalitn\u011bj\u0161\u00ed a stabiln\u011bj\u0161\u00ed \u017eivot.<\/p>\n\n\n\n<h2 class=\"wp-block-heading\"><strong>Remise nen\u00ed jen \u201enem\u00edt pr\u016fjem\u201c<\/strong><\/h2>\n\n\n\n<p class=\"wp-block-paragraph\">Mnoho lid\u00ed si pod remis\u00ed p\u0159edstav\u00ed hlavn\u011b \u00fastup akutn\u00edch obt\u00ed\u017e\u00ed. Ve skute\u010dnosti je c\u00edlem tak\u00e9 zklidn\u011bn\u00ed z\u00e1n\u011btu st\u0159evn\u00ed sliznice, lep\u0161\u00ed regenerace organismu a n\u00e1vrat k b\u011b\u017en\u00e9mu fungov\u00e1n\u00ed.<\/p>\n\n\n\n<p class=\"wp-block-paragraph\">Podpora remise proto obvykle nestoj\u00ed jen na jednom opat\u0159en\u00ed. D\u016fle\u017eitou roli hraje spr\u00e1vn\u011b nastaven\u00e1 l\u00e9\u010dba, ale tak\u00e9 sp\u00e1nek, pr\u00e1ce se stresem, vhodn\u011b zvolen\u00fd pohyb, v\u00fd\u017eiva nebo p\u00e9\u010de o st\u0159evn\u00ed mikrobiom. A pr\u00e1v\u011b mikrobiom je oblast, kter\u00e1 se v souvislosti s ulcer\u00f3zn\u00ed kolitidou v posledn\u00edch letech intenzivn\u011b zkoum\u00e1.<\/p>\n\n\n\n<h2 class=\"wp-block-heading\"><strong>Pro\u010d se u ulcer\u00f3zn\u00ed kolitidy \u0159e\u0161\u00ed mikrobiom<\/strong><\/h2>\n\n\n\n<p class=\"wp-block-paragraph\">Ve st\u0159evech \u017eij\u00ed miliardy mikroorganism\u016f, kter\u00e9 ovliv\u0148uj\u00ed tr\u00e1ven\u00ed, imunitn\u00ed syst\u00e9m i stav st\u0159evn\u00ed bari\u00e9ry. U pacient\u016f s idiopatick\u00fdmi st\u0159evn\u00edmi z\u00e1n\u011bty b\u00fdv\u00e1 slo\u017een\u00ed mikrobiomu \u010dasto naru\u0161en\u00e9. N\u011bkter\u00e9 prosp\u011b\u0161n\u00e9 bakterie ub\u00fdvaj\u00ed a rovnov\u00e1ha st\u0159evn\u00edho prost\u0159ed\u00ed se m\u011bn\u00ed.<\/p>\n\n\n\n<p class=\"wp-block-paragraph\">To je tak\u00e9 d\u016fvod, pro\u010d se odborn\u00edci zab\u00fdvaj\u00ed mo\u017enost\u00ed vyu\u017eit\u00ed probiotik jako podp\u016frn\u00e9 sou\u010d\u00e1sti p\u00e9\u010de o pacienty s ulcer\u00f3zn\u00ed kolitidou. Podstatn\u00e9 v\u0161ak je, \u017ee ne v\u0161echna probiotika jsou stejn\u00e1.<\/p>\n\n\n\n<h2 class=\"wp-block-heading\"><strong>Nesta\u010d\u00ed jen n\u00e1pis \u201eprobiotikum\u201c<\/strong><\/h2>\n\n\n\n<p class=\"wp-block-paragraph\">U ulcer\u00f3zn\u00ed kolitidy nen\u00ed nejd\u016fle\u017eit\u011bj\u0161\u00ed po\u010det kmen\u016f nebo marketing na obalu, ale konkr\u00e9tn\u00ed slo\u017een\u00ed a klinick\u00e1 data pro dan\u00e9 onemocn\u011bn\u00ed.<\/p>\n\n\n\n<p class=\"wp-block-paragraph\">Dostupn\u00e9 studie ukazuj\u00ed, \u017ee n\u011bkter\u00e9 v\u00edcekmenov\u00e9 p\u0159\u00edpravky mohou u \u010d\u00e1sti pacient\u016f podpo\u0159it udr\u017een\u00ed remise nebo pomoci sn\u00ed\u017eit riziko relapsu, zejm\u00e9na jako dopln\u011bk standardn\u00ed l\u00e9\u010dby. Nej\u010dast\u011bji se mluv\u00ed o p\u0159\u00edpravc\u00edch s p\u0159esn\u011b definovan\u00fdmi bakteri\u00e1ln\u00edmi kmeny a vysokou koncentrac\u00ed \u017eiv\u00fdch bakteri\u00ed.<\/p>\n\n\n\n<p class=\"wp-block-paragraph\">Mezi nejv\u00edce zkouman\u00e9 pat\u0159\u00ed tak\u00e9 VSL#3 \u2013 v\u00edcekmenov\u00fd probiotick\u00fd p\u0159\u00edpravek, kter\u00fd byl studov\u00e1n pr\u00e1v\u011b u pacient\u016f s ulcer\u00f3zn\u00ed kolitidou nebo pouchitidou.<\/p>\n\n\n\n<p class=\"wp-block-paragraph\">N\u011bkter\u00e9 studie uk\u00e1zaly lep\u0161\u00ed v\u00fdsledky v udr\u017een\u00ed remise nebo klinick\u00e9m zlep\u0161en\u00ed ve srovn\u00e1n\u00ed s placebem, zejm\u00e9na u leh\u010d\u00ed a\u017e st\u0159edn\u011b aktivn\u00ed formy onemocn\u011bn\u00ed. Sou\u010dasn\u011b ale plat\u00ed, \u017ee \u00fa\u010dinek nen\u00ed stejn\u00fd u v\u0161ech pacient\u016f a probiotika nep\u0159edstavuj\u00ed n\u00e1hradu standardn\u00ed l\u00e9\u010dby.<\/p>\n\n\n\n<figure class=\"wp-block-image size-large\"><img loading=\"lazy\" decoding=\"async\" width=\"800\" height=\"533\" src=\"https:\/\/vsl3.eu\/cz\/wp-content\/uploads\/sites\/3\/2026\/09\/vsl3_lecba_kolitidy-800x533.png\" alt=\"\" class=\"wp-image-2414\" srcset=\"https:\/\/vsl3.eu\/cz\/wp-content\/uploads\/sites\/3\/2026\/09\/vsl3_lecba_kolitidy-800x533.png 800w, https:\/\/vsl3.eu\/cz\/wp-content\/uploads\/sites\/3\/2026\/09\/vsl3_lecba_kolitidy-300x200.png 300w, https:\/\/vsl3.eu\/cz\/wp-content\/uploads\/sites\/3\/2026\/09\/vsl3_lecba_kolitidy-768x512.png 768w, https:\/\/vsl3.eu\/cz\/wp-content\/uploads\/sites\/3\/2026\/09\/vsl3_lecba_kolitidy-600x400.png 600w, https:\/\/vsl3.eu\/cz\/wp-content\/uploads\/sites\/3\/2026\/09\/vsl3_lecba_kolitidy.png 1535w\" sizes=\"auto, (max-width: 800px) 100vw, 800px\" \/><\/figure>\n\n\n\n<p class=\"wp-block-paragraph\"><\/p>\n\n\n\n<h2 class=\"wp-block-heading\"><strong>Probiotika jako sou\u010d\u00e1st skl\u00e1da\u010dky<\/strong><\/h2>\n\n\n\n<p class=\"wp-block-paragraph\">To je mo\u017en\u00e1 nejd\u016fle\u017eit\u011bj\u0161\u00ed pohled. U ulcer\u00f3zn\u00ed kolitidy v\u011bt\u0161inou neexistuje jedno univerz\u00e1ln\u00ed \u0159e\u0161en\u00ed. Remise b\u00fdv\u00e1 v\u00fdsledkem v\u00edce faktor\u016f, kter\u00e9 spole\u010dn\u011b ovliv\u0148uj\u00ed stabilitu onemocn\u011bn\u00ed.<\/p>\n\n\n\n<p class=\"wp-block-paragraph\">Pokud pacient o probiotik\u00e1ch u ulcer\u00f3zn\u00ed kolitidy uva\u017euje, je vhodn\u00e9 vyb\u00edrat p\u0159\u00edpravky s jasn\u011b definovan\u00fdmi kmeny, klinick\u00fdmi daty a jejich u\u017e\u00edv\u00e1n\u00ed ide\u00e1ln\u011b konzultovat s gastroenterologem, obzvl\u00e1\u0161\u0165 p\u0159i aktivn\u00edm vzplanut\u00ed nebo p\u0159i biologick\u00e9 \u010di imunosupresivn\u00ed l\u00e9\u010db\u011b.<\/p>\n\n\n\n<h2 class=\"wp-block-heading\"><strong>Jak podpo\u0159it navozen\u00ed \u010di udr\u017een\u00ed remise prakticky?<\/strong><\/h2>\n\n\n\n<p class=\"wp-block-paragraph\">P\u0159esto\u017ee ulcer\u00f3zn\u00ed kolitidu nelze \u201evyl\u00e9\u010dit stravou\u201c, ka\u017edodenn\u00ed n\u00e1vyky mohou v\u00fdrazn\u011b ovlivnit kvalitu \u017eivota i celkovou stabilitu organismu.<\/p>\n\n\n\n<p class=\"wp-block-paragraph\">Smysl obvykle d\u00e1v\u00e1:<\/p>\n\n\n\n<ul class=\"wp-block-list\">\n<li>pravideln\u00fd re\u017eim,<\/li>\n\n\n\n<li>dostatek sp\u00e1nku,<\/li>\n\n\n\n<li>omezen\u00ed dlouhodob\u00e9ho stresu,<\/li>\n\n\n\n<li>vhodn\u011b nastaven\u00fd pohyb,<\/li>\n\n\n\n<li>individu\u00e1ln\u011b tolerovan\u00e1 a pestr\u00e1 strava,<\/li>\n\n\n\n<li>dostate\u010dn\u00fd p\u0159\u00edjem b\u00edlkovin a \u017eivin,<\/li>\n\n\n\n<li>a dlouhodob\u00e1 p\u00e9\u010de o st\u0159evn\u00ed mikrobiom.<\/li>\n<\/ul>\n\n\n\n<p class=\"wp-block-paragraph\">D\u016fle\u017eit\u00e9 je sou\u010dasn\u011b nevn\u00edmat relaps jako osobn\u00ed selh\u00e1n\u00ed. Ulcer\u00f3zn\u00ed kolitida je chronick\u00e9 autoimunitn\u00ed onemocn\u011bn\u00ed s obdob\u00edmi klidu i aktivity a jeho pr\u016fb\u011bh b\u00fdv\u00e1 velmi individu\u00e1ln\u00ed. Dob\u0159e veden\u00e1 l\u00e9\u010dba, kvalitn\u00ed komunikace s l\u00e9ka\u0159em a realistick\u00e1 o\u010dek\u00e1v\u00e1n\u00ed ale mohou pomoci, aby nemoc \u010dlov\u011bku ne\u0159\u00eddila cel\u00fd \u017eivot.<\/p>\n\n\n\n<p class=\"wp-block-paragraph\"><\/p>\n\n\n\n<p class=\"wp-block-paragraph\"><\/p>\n\n\n\n<figure class=\"wp-block-image size-large is-resized\"><img loading=\"lazy\" decoding=\"async\" width=\"800\" height=\"450\" src=\"https:\/\/vsl3.eu\/cz\/wp-content\/uploads\/sites\/3\/2026\/08\/veronika_hanzlikova-2-800x450.png\" alt=\"\" class=\"wp-image-2436\" style=\"width:658px;height:auto\" srcset=\"https:\/\/vsl3.eu\/cz\/wp-content\/uploads\/sites\/3\/2026\/08\/veronika_hanzlikova-2-800x450.png 800w, https:\/\/vsl3.eu\/cz\/wp-content\/uploads\/sites\/3\/2026\/08\/veronika_hanzlikova-2-300x169.png 300w, https:\/\/vsl3.eu\/cz\/wp-content\/uploads\/sites\/3\/2026\/08\/veronika_hanzlikova-2-768x432.png 768w, https:\/\/vsl3.eu\/cz\/wp-content\/uploads\/sites\/3\/2026\/08\/veronika_hanzlikova-2-1536x864.png 1536w, https:\/\/vsl3.eu\/cz\/wp-content\/uploads\/sites\/3\/2026\/08\/veronika_hanzlikova-2-600x338.png 600w, https:\/\/vsl3.eu\/cz\/wp-content\/uploads\/sites\/3\/2026\/08\/veronika_hanzlikova-2.png 1672w\" sizes=\"auto, (max-width: 800px) 100vw, 800px\" \/><\/figure>\n","protected":false},"excerpt":{"rendered":"<p>Ulcer\u00f3zn\u00ed kolitida ovliv\u0148uje v\u0161echny aspekty \u017eivota. Pacienti ne\u0159e\u0161\u00ed jen pr\u016fjmy, ale tak\u00e9 \u00fanavu, bolesti b\u0159icha, krev ve stolici nebo celkovou psychickou i fyzickou kondici. Ani v obdob\u00ed klidu nav\u00edc nemus\u00ed zmizet obavy z dal\u0161\u00edho vzplanut\u00ed nemoci. Pr\u00e1v\u011b remise, tedy obdob\u00ed \u201eklidu\u201c bez v\u00fdrazn\u00fdch p\u0159\u00edznak\u016f a aktivn\u00edho z\u00e1n\u011btu, b\u00fdv\u00e1 jedn\u00edm z hlavn\u00edch c\u00edl\u016f l\u00e9\u010dby ulcer\u00f3zn\u00ed kolitidy. [&hellip;]<\/p>\n","protected":false},"author":1,"featured_media":2415,"comment_status":"open","ping_status":"closed","sticky":false,"template":"","format":"standard","meta":{"_acf_changed":false,"footnotes":""},"categories":[50],"tags":[68,67,69,70],"class_list":["post-2413","post","type-post","status-publish","format-standard","has-post-thumbnail","hentry","category-strevni-flory","tag-podpora-remise","tag-ulerozni-kolitida","tag-vsl3","tag-vsl3-probiotika"],"acf":[],"_links":{"self":[{"href":"https:\/\/vsl3.eu\/cz\/wp-json\/wp\/v2\/posts\/2413","targetHints":{"allow":["GET"]}}],"collection":[{"href":"https:\/\/vsl3.eu\/cz\/wp-json\/wp\/v2\/posts"}],"about":[{"href":"https:\/\/vsl3.eu\/cz\/wp-json\/wp\/v2\/types\/post"}],"author":[{"embeddable":true,"href":"https:\/\/vsl3.eu\/cz\/wp-json\/wp\/v2\/users\/1"}],"replies":[{"embeddable":true,"href":"https:\/\/vsl3.eu\/cz\/wp-json\/wp\/v2\/comments?post=2413"}],"version-history":[{"count":5,"href":"https:\/\/vsl3.eu\/cz\/wp-json\/wp\/v2\/posts\/2413\/revisions"}],"predecessor-version":[{"id":2441,"href":"https:\/\/vsl3.eu\/cz\/wp-json\/wp\/v2\/posts\/2413\/revisions\/2441"}],"wp:featuredmedia":[{"embeddable":true,"href":"https:\/\/vsl3.eu\/cz\/wp-json\/wp\/v2\/media\/2415"}],"wp:attachment":[{"href":"https:\/\/vsl3.eu\/cz\/wp-json\/wp\/v2\/media?parent=2413"}],"wp:term":[{"taxonomy":"category","embeddable":true,"href":"https:\/\/vsl3.eu\/cz\/wp-json\/wp\/v2\/categories?post=2413"},{"taxonomy":"post_tag","embeddable":true,"href":"https:\/\/vsl3.eu\/cz\/wp-json\/wp\/v2\/tags?post=2413"}],"curies":[{"name":"wp","href":"https:\/\/api.w.org\/{rel}","templated":true}]}}